[{"@context":"https:\/\/schema.org\/","@type":"Article","@id":"https:\/\/www.antinato.cz\/svoboda-diky-autu\/#Article","mainEntityOfPage":"https:\/\/www.antinato.cz\/svoboda-diky-autu\/","headline":"Svoboda d\u00edky autu","name":"Svoboda d\u00edky autu","description":"Auto dok\u00e1\u017ee \u010dlov\u011bku zm\u011bnit \u017eivot, vn\u00edm\u00e1te to tak\u00e9 tak? J\u00e1 se p\u0159izn\u00e1m, \u017ee od t\u00e9 doby, co m\u00e1m auto, jsem hrozn\u011b vd\u011b\u010dn\u00e1 za to, \u017ee ho m\u00e1m, proto\u017ee najednou jsem takov\u00e1 svobodn\u00e1 a hrozn\u011b mi to zm\u011bnilo \u017eivot. D\u00edky autu si m\u016f\u017eu kamkoliv zajet a kdykoliv chci, nemus\u00edm nikomu nic vysv\u011btlovat, nemus\u00edm se nikomu zpov\u00eddat. [&hellip;]","datePublished":"2024-02-28","dateModified":"2024-02-28","author":{"@type":"Person","@id":"https:\/\/www.antinato.cz\/author\/#Person","name":"","url":"https:\/\/www.antinato.cz\/author\/","identifier":1,"image":{"@type":"ImageObject","@id":"https:\/\/secure.gravatar.com\/avatar\/4eaadff62661a2c38386085c87f88f683e575f9fda122ff8560bf1208996f3c5?s=96&d=mm&r=g","url":"https:\/\/secure.gravatar.com\/avatar\/4eaadff62661a2c38386085c87f88f683e575f9fda122ff8560bf1208996f3c5?s=96&d=mm&r=g","height":96,"width":96}},"publisher":{"@type":"Organization","name":"antinato.cz","logo":{"@type":"ImageObject","@id":"\/logo.png","url":"\/logo.png","width":600,"height":60}},"image":{"@type":"ImageObject","@id":"https:\/\/www.antinato.cz\/wp-content\/uploads\/audi_10_10_10_10_9.jpg","url":"https:\/\/www.antinato.cz\/wp-content\/uploads\/audi_10_10_10_10_9.jpg","height":0,"width":0},"url":"https:\/\/www.antinato.cz\/svoboda-diky-autu\/","about":["Auto"],"wordCount":442,"articleBody":"Auto dok\u00e1\u017ee \u010dlov\u011bku zm\u011bnit \u017eivot, vn\u00edm\u00e1te to tak\u00e9 tak? J\u00e1 se p\u0159izn\u00e1m, \u017ee od t\u00e9 doby, co m\u00e1m auto, jsem hrozn\u011b vd\u011b\u010dn\u00e1 za to, \u017ee ho m\u00e1m, proto\u017ee najednou jsem takov\u00e1 svobodn\u00e1 a hrozn\u011b mi to zm\u011bnilo \u017eivot. D\u00edky autu si m\u016f\u017eu kamkoliv zajet a kdykoliv chci, nemus\u00edm nikomu nic vysv\u011btlovat, nemus\u00edm se nikomu zpov\u00eddat. D\u00edky autu je to velk\u00e1 svoboda, proto\u017ee sice je to velk\u00e1 zodpov\u011bdnost, ale na druhou stranu jste zase svobodn\u00ed a m\u016f\u017eete si zajet kamkoliv, opravdu chcete, nic v\u00e1s neomezuje. Lid\u00e9, kte\u0159\u00ed prost\u011b \u0159idi\u010d\u00e1k nemaj\u00ed a nemaj\u00ed ani auto, tak prost\u011b sv\u00fdm zp\u016fsobem nemaj\u00ed nic, a sv\u00fdm zp\u016fsobem to \u010dlov\u011bka hodn\u011b omezuje. Vezm\u011bte si, kdy\u017e mus\u00edte r\u00e1no vst\u00e1vat a v\u00edte, \u017ee v\u00e1m jede autobus, a mus\u00edte p\u0159esn\u011b na \u010das j\u00edt na ten autobus, abyste ho stihli. Kdy\u017e si vzpomenu na svoje d\u011btstv\u00ed, tak jsem jezdila autobusem a pamatuji si, jak jsem p\u0159esn\u011b na \u010das musela st\u00e1t na zast\u00e1vce a \u010dekat, ne\u017e ten autobus p\u0159ijede. Te\u010f u\u017e jsou tyhle roky pry\u010d a najednou je v\u0161echno jinak, a najednou m\u00e1m pocit, \u017ee jsem tak voln\u00e1, jenom d\u00edky tomu, \u017ee m\u00e1m auto a \u017ee m\u00e1m \u0159idi\u010dsk\u00fd pr\u016fkaz. Mysl\u00edm si, \u017ee je to fajn, jakmile u\u017e nejsme d\u011bti a jsme dosp\u011bl\u00ed, a m\u016f\u017eeme si najednou d\u011blat, co chceme, proto\u017ee kdy\u017e n\u00e1m je\u0161t\u011b nen\u00ed 18, nem\u016f\u017eeme ani \u0159\u00eddit auto, ale jeliko\u017e u\u017e dovr\u0161\u00edme takov\u00e9ho kr\u00e1sn\u00e9ho v\u011bku, tak najednou m\u00e1me pocit, \u017ee u\u017e n\u00e1m pat\u0159\u00ed sv\u011bt a \u017ee m\u016f\u017eeme d\u011blat \u00fapln\u011b cokoliv.Rozhodn\u011b si mysl\u00edm, \u017ee to je velice skv\u011bl\u00e9, kdy\u017e tohle vlastn\u011b \u010dlov\u011bk dok\u00e1\u017ee, a hlavn\u011b kdy\u017e u\u017e jsme plnolet\u00ed a vn\u00edm\u00e1me to v\u0161echno kolem sebe jinak. U\u017e nejsme ty d\u011bti, u\u017e nejsme t\u00edm, \u010d\u00edm jsme byli, u\u017e jsme dosp\u011bl\u00ed a u\u017e odpov\u00edd\u00e1me sami za sebe. Pokud samoz\u0159ejm\u011b je\u0161t\u011b n\u011bkdo \u0159idi\u010dsk\u00e9 opr\u00e1vn\u011bn\u00ed nem\u00e1 a chce si je ud\u011blat, tak rozhodn\u011b to ud\u011blejte, proto\u017ee pak teprve poc\u00edt\u00edte tu spr\u00e1vnou svobodu. Bez \u0159idi\u010dsk\u00e9ho opr\u00e1vn\u011bn\u00ed tuhle svobodu nikdy nepozn\u00e1te. V\u011b\u0159te, \u017ee pak pozn\u00e1te, o \u010dem \u017eivot je, a pozn\u00e1te, jak\u00e9 to je \u0159\u00eddit, a pozn\u00e1 se to m\u00edt zodpov\u011bdnost sama za sebe.                                                                                                                                                                                                                                                                                                                                                                                        5\/5 - (6 votes)        "},{"@context":"https:\/\/schema.org\/","@type":"BreadcrumbList","itemListElement":[{"@type":"ListItem","position":1,"name":"Svoboda d\u00edky autu","item":"https:\/\/www.antinato.cz\/svoboda-diky-autu\/#breadcrumbitem"}]}]